{"id":14313,"date":"2016-07-08T00:00:00","date_gmt":"2016-07-07T22:00:00","guid":{"rendered":"https:\/\/directcoffee.net\/lean-packaging-less-waste-2\/"},"modified":"2017-10-10T23:01:51","modified_gmt":"2017-10-10T21:01:51","slug":"lean-packaging-less-waste","status":"publish","type":"post","link":"https:\/\/directcoffee.net\/en\/lean-packaging-less-waste\/","title":{"rendered":"Lean Packaging &#038; Less Waste"},"content":{"rendered":"<p style=\"text-align: justify;\">712 kg \u2013 that&#8217;s the amount of waste an average Swiss produces each year. The OECD average is just 483 kg. In the industrialized countries, only the people in the US and Denmark produce more waste.<\/p>\n<p style=\"text-align: justify;\">We don&#8217;t want to contribute to this horrible fact. That&#8217;s why we tried to choose our packaging as environmentally friendly as possible.<\/p>\n<p style=\"text-align: justify;\"><strong>Lean packaging for whole beans and ground coffee <\/strong><\/p>\n<p style=\"text-align: justify;\">Instead of a package that needs an extra carton around to be shipped we opted for a coffee envelope for our whole beans and ground coffee. Even though it&#8217;s outside is made out of paper, the inside is not. Please recycle it in the normal household rubbish. The coffee envelope reduces waste, but it also allows us to send the coffee as a standard letter \u2013 and thus to make the shipping as cheap as possible for you.<\/p>\n<p style=\"text-align: justify;\"><strong>Packaging for biodegradable capsules <\/strong><\/p>\n<p style=\"text-align: justify;\">Unfortunately, that doesn&#8217;t work for the capsules. They&#8217;re small, but still too big for a letter. We will send them in an aluminium-free box that contains 40 capsules. The box conserves the aromas very well even though it is environmentally friendly. So even though our capsules are not 100% impermeable, the coffee will still be fresh when you want to drink it.<\/p>\n<p style=\"text-align: justify;\">Wait \u2013 you wonder why they are not impermeable like all the other capsules? Because they are biodegradable! It makes us especially proud that we managed to find a solution to encapsulate our coffee in capsules which are made using plants from organic production. The production of these capsules uses therefore less energy and resources than that of their aluminium brothers and plastic sisters.<\/p>\n<p style=\"text-align: justify;\"><img decoding=\"async\" class=\"alignnone size-large wp-image-1218\" src=\"http:\/\/directcoffee.net\/wp-content\/uploads\/2016\/07\/biodegradable-capsules-1024x729.jpg\" alt=\"Biodegradable Capsules\" width=\"1024\" height=\"729\" \/><\/p>\n<p style=\"text-align: justify;\">And after six months, the capsules degrade in an industrial compost. There is just one drawback: In Switzerland that doesn\u2019t mean you can throw them in the bio-waste. We called a lot of recycling stations all over the country but got the same answer everywhere. Our capsules look like other capsules \u2013 and would therefore be picked out of the other organic waste. The best for now is to throw them into the normal household rubbish.<\/p>\n<p style=\"text-align: justify;\">We are always looking to further reduce our environmental impact. So if you\u2019ve got a great idea how to do this \u2013 please share it with us under marie@directcoffee.net.<\/p>\n","protected":false},"excerpt":{"rendered":"<p>712 kg \u2013 that&#8217;s the amount of waste an average Swiss produces each year, among the highest in the world. We don&#8217;t want to contribute to this horrible fact.<\/p>\n","protected":false},"author":8,"featured_media":2575,"comment_status":"open","ping_status":"open","sticky":false,"template":"","format":"standard","meta":{"footnotes":""},"categories":[80],"tags":[],"class_list":["post-14313","post","type-post","status-publish","format-standard","has-post-thumbnail","hentry","category-sustainability-en"],"yoast_head":"<!-- This site is optimized with the Yoast SEO plugin v27.5 - https:\/\/yoast.com\/product\/yoast-seo-wordpress\/ -->\n<title>Lean Packaging &amp; Less Waste &#8211; Direct Coffee<\/title>\n<meta name=\"description\" content=\"712 kg \u2013 that&#039;s the amount of waste an average Swiss produces each year, among the highest in the world. We don&#039;t want to contribute to this horrible fact.\" \/>\n<meta name=\"robots\" content=\"index, follow, max-snippet:-1, max-image-preview:large, max-video-preview:-1\" \/>\n<link rel=\"canonical\" href=\"https:\/\/directcoffee.net\/en\/lean-packaging-less-waste\/\" \/>\n<meta property=\"og:locale\" content=\"en_US\" \/>\n<meta property=\"og:type\" content=\"article\" \/>\n<meta property=\"og:title\" content=\"Lean Packaging &amp; Less Waste &#8211; Direct Coffee\" \/>\n<meta property=\"og:description\" content=\"712 kg \u2013 that&#039;s the amount of waste an average Swiss produces each year, among the highest in the world. We don&#039;t want to contribute to this horrible fact.\" \/>\n<meta property=\"og:url\" content=\"https:\/\/directcoffee.net\/en\/lean-packaging-less-waste\/\" \/>\n<meta property=\"og:site_name\" content=\"Direct Coffee\" \/>\n<meta property=\"article:publisher\" content=\"https:\/\/fb.com\/directcoffee.net\" \/>\n<meta property=\"article:published_time\" content=\"2016-07-07T22:00:00+00:00\" \/>\n<meta property=\"article:modified_time\" content=\"2017-10-10T21:01:51+00:00\" \/>\n<meta property=\"og:image\" content=\"https:\/\/directcoffee.net\/wp-content\/uploads\/2017\/09\/Frisch-ger\u00f6steter-Kaffee-immer-im-Briefkasten.jpg\" \/>\n\t<meta property=\"og:image:width\" content=\"2000\" \/>\n\t<meta property=\"og:image:height\" content=\"860\" \/>\n\t<meta property=\"og:image:type\" content=\"image\/jpeg\" \/>\n<meta name=\"author\" content=\"Marie Tuil\" \/>\n<meta name=\"twitter:card\" content=\"summary_large_image\" \/>\n<meta name=\"twitter:creator\" content=\"@DirectCoffeeCH\" \/>\n<meta name=\"twitter:site\" content=\"@DirectCoffeeCH\" \/>\n<meta name=\"twitter:label1\" content=\"Written by\" \/>\n\t<meta name=\"twitter:data1\" content=\"Marie Tuil\" \/>\n\t<meta name=\"twitter:label2\" content=\"Est. reading time\" \/>\n\t<meta name=\"twitter:data2\" content=\"2 minutes\" \/>\n<script type=\"application\/ld+json\" class=\"yoast-schema-graph\">{\"@context\":\"https:\\\/\\\/schema.org\",\"@graph\":[{\"@type\":\"Article\",\"@id\":\"https:\\\/\\\/directcoffee.net\\\/en\\\/lean-packaging-less-waste\\\/#article\",\"isPartOf\":{\"@id\":\"https:\\\/\\\/directcoffee.net\\\/en\\\/lean-packaging-less-waste\\\/\"},\"author\":{\"name\":\"Marie Tuil\",\"@id\":\"https:\\\/\\\/directcoffee.net\\\/en\\\/#\\\/schema\\\/person\\\/0ccda80c78eb49959887027ae73917e3\"},\"headline\":\"Lean Packaging &#038; Less Waste\",\"datePublished\":\"2016-07-07T22:00:00+00:00\",\"dateModified\":\"2017-10-10T21:01:51+00:00\",\"mainEntityOfPage\":{\"@id\":\"https:\\\/\\\/directcoffee.net\\\/en\\\/lean-packaging-less-waste\\\/\"},\"wordCount\":384,\"commentCount\":0,\"publisher\":{\"@id\":\"https:\\\/\\\/directcoffee.net\\\/en\\\/#organization\"},\"image\":{\"@id\":\"https:\\\/\\\/directcoffee.net\\\/en\\\/lean-packaging-less-waste\\\/#primaryimage\"},\"thumbnailUrl\":\"https:\\\/\\\/directcoffee.net\\\/wp-content\\\/uploads\\\/2017\\\/09\\\/Frisch-ger\u00f6steter-Kaffee-immer-im-Briefkasten.jpg\",\"articleSection\":[\"Sustainability\"],\"inLanguage\":\"en-US\",\"potentialAction\":[{\"@type\":\"CommentAction\",\"name\":\"Comment\",\"target\":[\"https:\\\/\\\/directcoffee.net\\\/en\\\/lean-packaging-less-waste\\\/#respond\"]}]},{\"@type\":\"WebPage\",\"@id\":\"https:\\\/\\\/directcoffee.net\\\/en\\\/lean-packaging-less-waste\\\/\",\"url\":\"https:\\\/\\\/directcoffee.net\\\/en\\\/lean-packaging-less-waste\\\/\",\"name\":\"Lean Packaging & Less Waste &#8211; Direct Coffee\",\"isPartOf\":{\"@id\":\"https:\\\/\\\/directcoffee.net\\\/en\\\/#website\"},\"primaryImageOfPage\":{\"@id\":\"https:\\\/\\\/directcoffee.net\\\/en\\\/lean-packaging-less-waste\\\/#primaryimage\"},\"image\":{\"@id\":\"https:\\\/\\\/directcoffee.net\\\/en\\\/lean-packaging-less-waste\\\/#primaryimage\"},\"thumbnailUrl\":\"https:\\\/\\\/directcoffee.net\\\/wp-content\\\/uploads\\\/2017\\\/09\\\/Frisch-ger\u00f6steter-Kaffee-immer-im-Briefkasten.jpg\",\"datePublished\":\"2016-07-07T22:00:00+00:00\",\"dateModified\":\"2017-10-10T21:01:51+00:00\",\"description\":\"712 kg \u2013 that's the amount of waste an average Swiss produces each year, among the highest in the world. We don't want to contribute to this horrible fact.\",\"breadcrumb\":{\"@id\":\"https:\\\/\\\/directcoffee.net\\\/en\\\/lean-packaging-less-waste\\\/#breadcrumb\"},\"inLanguage\":\"en-US\",\"potentialAction\":[{\"@type\":\"ReadAction\",\"target\":[\"https:\\\/\\\/directcoffee.net\\\/en\\\/lean-packaging-less-waste\\\/\"]}]},{\"@type\":\"ImageObject\",\"inLanguage\":\"en-US\",\"@id\":\"https:\\\/\\\/directcoffee.net\\\/en\\\/lean-packaging-less-waste\\\/#primaryimage\",\"url\":\"https:\\\/\\\/directcoffee.net\\\/wp-content\\\/uploads\\\/2017\\\/09\\\/Frisch-ger\u00f6steter-Kaffee-immer-im-Briefkasten.jpg\",\"contentUrl\":\"https:\\\/\\\/directcoffee.net\\\/wp-content\\\/uploads\\\/2017\\\/09\\\/Frisch-ger\u00f6steter-Kaffee-immer-im-Briefkasten.jpg\",\"width\":2000,\"height\":860,\"caption\":\"Less waste through coffee-mailer and biodegradable capsules\"},{\"@type\":\"BreadcrumbList\",\"@id\":\"https:\\\/\\\/directcoffee.net\\\/en\\\/lean-packaging-less-waste\\\/#breadcrumb\",\"itemListElement\":[{\"@type\":\"ListItem\",\"position\":1,\"name\":\"Home\",\"item\":\"https:\\\/\\\/directcoffee.net\\\/en\\\/\"},{\"@type\":\"ListItem\",\"position\":2,\"name\":\"Lean Packaging &#038; Less Waste\"}]},{\"@type\":\"WebSite\",\"@id\":\"https:\\\/\\\/directcoffee.net\\\/en\\\/#website\",\"url\":\"https:\\\/\\\/directcoffee.net\\\/en\\\/\",\"name\":\"Direct Coffee\",\"description\":\"Dein nachhaltiges Kaffee-Abo \\\/ Ton abo de caf\u00e9\",\"publisher\":{\"@id\":\"https:\\\/\\\/directcoffee.net\\\/en\\\/#organization\"},\"potentialAction\":[{\"@type\":\"SearchAction\",\"target\":{\"@type\":\"EntryPoint\",\"urlTemplate\":\"https:\\\/\\\/directcoffee.net\\\/en\\\/?s={search_term_string}\"},\"query-input\":{\"@type\":\"PropertyValueSpecification\",\"valueRequired\":true,\"valueName\":\"search_term_string\"}}],\"inLanguage\":\"en-US\"},{\"@type\":\"Organization\",\"@id\":\"https:\\\/\\\/directcoffee.net\\\/en\\\/#organization\",\"name\":\"Direct Coffee\",\"url\":\"https:\\\/\\\/directcoffee.net\\\/en\\\/\",\"logo\":{\"@type\":\"ImageObject\",\"inLanguage\":\"en-US\",\"@id\":\"https:\\\/\\\/directcoffee.net\\\/en\\\/#\\\/schema\\\/logo\\\/image\\\/\",\"url\":\"https:\\\/\\\/directcoffee.net\\\/wp-content\\\/uploads\\\/2017\\\/08\\\/Direct-Coffee-brown-logo-no-background.png\",\"contentUrl\":\"https:\\\/\\\/directcoffee.net\\\/wp-content\\\/uploads\\\/2017\\\/08\\\/Direct-Coffee-brown-logo-no-background.png\",\"width\":892,\"height\":904,\"caption\":\"Direct Coffee\"},\"image\":{\"@id\":\"https:\\\/\\\/directcoffee.net\\\/en\\\/#\\\/schema\\\/logo\\\/image\\\/\"},\"sameAs\":[\"https:\\\/\\\/fb.com\\\/directcoffee.net\",\"https:\\\/\\\/x.com\\\/DirectCoffeeCH\",\"https:\\\/\\\/www.instagram.com\\\/direct_coffee\\\/\",\"https:\\\/\\\/www.youtube.com\\\/channel\\\/UCOiDLRMnkMQKFHvQQ_Ju40w\"]},{\"@type\":\"Person\",\"@id\":\"https:\\\/\\\/directcoffee.net\\\/en\\\/#\\\/schema\\\/person\\\/0ccda80c78eb49959887027ae73917e3\",\"name\":\"Marie Tuil\",\"image\":{\"@type\":\"ImageObject\",\"inLanguage\":\"en-US\",\"@id\":\"https:\\\/\\\/directcoffee.net\\\/wp-content\\\/uploads\\\/2017\\\/09\\\/Marie-96x96.jpg\",\"url\":\"https:\\\/\\\/directcoffee.net\\\/wp-content\\\/uploads\\\/2017\\\/09\\\/Marie-96x96.jpg\",\"contentUrl\":\"https:\\\/\\\/directcoffee.net\\\/wp-content\\\/uploads\\\/2017\\\/09\\\/Marie-96x96.jpg\",\"caption\":\"Marie Tuil\"},\"description\":\"Steht gern fr\u00fch auf \u2013 kann aber abends vor Sorge gar nicht erst einschlafen, wenn Kaffee oder Milch f\u00fcr den n\u00e4chsten Morgen fehlen. Ist f\u00fcr Kommunikation und Kreatives zust\u00e4ndig. Baut in ihrer Freizeit gerne M\u00f6bel aus Dingen, die eigentlich f\u00fcr etwas anderes gedacht sind. So ist zum Beispiel das Kaffeemobil entstanden.\",\"sameAs\":[\"http:\\\/\\\/www.directcoffee.net\"],\"url\":\"https:\\\/\\\/directcoffee.net\\\/en\\\/author\\\/marie\\\/\"}]}<\/script>\n<!-- \/ Yoast SEO plugin. -->","yoast_head_json":{"title":"Lean Packaging & Less Waste &#8211; Direct Coffee","description":"712 kg \u2013 that's the amount of waste an average Swiss produces each year, among the highest in the world. We don't want to contribute to this horrible fact.","robots":{"index":"index","follow":"follow","max-snippet":"max-snippet:-1","max-image-preview":"max-image-preview:large","max-video-preview":"max-video-preview:-1"},"canonical":"https:\/\/directcoffee.net\/en\/lean-packaging-less-waste\/","og_locale":"en_US","og_type":"article","og_title":"Lean Packaging & Less Waste &#8211; Direct Coffee","og_description":"712 kg \u2013 that's the amount of waste an average Swiss produces each year, among the highest in the world. We don't want to contribute to this horrible fact.","og_url":"https:\/\/directcoffee.net\/en\/lean-packaging-less-waste\/","og_site_name":"Direct Coffee","article_publisher":"https:\/\/fb.com\/directcoffee.net","article_published_time":"2016-07-07T22:00:00+00:00","article_modified_time":"2017-10-10T21:01:51+00:00","og_image":[{"width":2000,"height":860,"url":"https:\/\/directcoffee.net\/wp-content\/uploads\/2017\/09\/Frisch-ger\u00f6steter-Kaffee-immer-im-Briefkasten.jpg","type":"image\/jpeg"}],"author":"Marie Tuil","twitter_card":"summary_large_image","twitter_creator":"@DirectCoffeeCH","twitter_site":"@DirectCoffeeCH","twitter_misc":{"Written by":"Marie Tuil","Est. reading time":"2 minutes"},"schema":{"@context":"https:\/\/schema.org","@graph":[{"@type":"Article","@id":"https:\/\/directcoffee.net\/en\/lean-packaging-less-waste\/#article","isPartOf":{"@id":"https:\/\/directcoffee.net\/en\/lean-packaging-less-waste\/"},"author":{"name":"Marie Tuil","@id":"https:\/\/directcoffee.net\/en\/#\/schema\/person\/0ccda80c78eb49959887027ae73917e3"},"headline":"Lean Packaging &#038; Less Waste","datePublished":"2016-07-07T22:00:00+00:00","dateModified":"2017-10-10T21:01:51+00:00","mainEntityOfPage":{"@id":"https:\/\/directcoffee.net\/en\/lean-packaging-less-waste\/"},"wordCount":384,"commentCount":0,"publisher":{"@id":"https:\/\/directcoffee.net\/en\/#organization"},"image":{"@id":"https:\/\/directcoffee.net\/en\/lean-packaging-less-waste\/#primaryimage"},"thumbnailUrl":"https:\/\/directcoffee.net\/wp-content\/uploads\/2017\/09\/Frisch-ger\u00f6steter-Kaffee-immer-im-Briefkasten.jpg","articleSection":["Sustainability"],"inLanguage":"en-US","potentialAction":[{"@type":"CommentAction","name":"Comment","target":["https:\/\/directcoffee.net\/en\/lean-packaging-less-waste\/#respond"]}]},{"@type":"WebPage","@id":"https:\/\/directcoffee.net\/en\/lean-packaging-less-waste\/","url":"https:\/\/directcoffee.net\/en\/lean-packaging-less-waste\/","name":"Lean Packaging & Less Waste &#8211; Direct Coffee","isPartOf":{"@id":"https:\/\/directcoffee.net\/en\/#website"},"primaryImageOfPage":{"@id":"https:\/\/directcoffee.net\/en\/lean-packaging-less-waste\/#primaryimage"},"image":{"@id":"https:\/\/directcoffee.net\/en\/lean-packaging-less-waste\/#primaryimage"},"thumbnailUrl":"https:\/\/directcoffee.net\/wp-content\/uploads\/2017\/09\/Frisch-ger\u00f6steter-Kaffee-immer-im-Briefkasten.jpg","datePublished":"2016-07-07T22:00:00+00:00","dateModified":"2017-10-10T21:01:51+00:00","description":"712 kg \u2013 that's the amount of waste an average Swiss produces each year, among the highest in the world. We don't want to contribute to this horrible fact.","breadcrumb":{"@id":"https:\/\/directcoffee.net\/en\/lean-packaging-less-waste\/#breadcrumb"},"inLanguage":"en-US","potentialAction":[{"@type":"ReadAction","target":["https:\/\/directcoffee.net\/en\/lean-packaging-less-waste\/"]}]},{"@type":"ImageObject","inLanguage":"en-US","@id":"https:\/\/directcoffee.net\/en\/lean-packaging-less-waste\/#primaryimage","url":"https:\/\/directcoffee.net\/wp-content\/uploads\/2017\/09\/Frisch-ger\u00f6steter-Kaffee-immer-im-Briefkasten.jpg","contentUrl":"https:\/\/directcoffee.net\/wp-content\/uploads\/2017\/09\/Frisch-ger\u00f6steter-Kaffee-immer-im-Briefkasten.jpg","width":2000,"height":860,"caption":"Less waste through coffee-mailer and biodegradable capsules"},{"@type":"BreadcrumbList","@id":"https:\/\/directcoffee.net\/en\/lean-packaging-less-waste\/#breadcrumb","itemListElement":[{"@type":"ListItem","position":1,"name":"Home","item":"https:\/\/directcoffee.net\/en\/"},{"@type":"ListItem","position":2,"name":"Lean Packaging &#038; Less Waste"}]},{"@type":"WebSite","@id":"https:\/\/directcoffee.net\/en\/#website","url":"https:\/\/directcoffee.net\/en\/","name":"Direct Coffee","description":"Dein nachhaltiges Kaffee-Abo \/ Ton abo de caf\u00e9","publisher":{"@id":"https:\/\/directcoffee.net\/en\/#organization"},"potentialAction":[{"@type":"SearchAction","target":{"@type":"EntryPoint","urlTemplate":"https:\/\/directcoffee.net\/en\/?s={search_term_string}"},"query-input":{"@type":"PropertyValueSpecification","valueRequired":true,"valueName":"search_term_string"}}],"inLanguage":"en-US"},{"@type":"Organization","@id":"https:\/\/directcoffee.net\/en\/#organization","name":"Direct Coffee","url":"https:\/\/directcoffee.net\/en\/","logo":{"@type":"ImageObject","inLanguage":"en-US","@id":"https:\/\/directcoffee.net\/en\/#\/schema\/logo\/image\/","url":"https:\/\/directcoffee.net\/wp-content\/uploads\/2017\/08\/Direct-Coffee-brown-logo-no-background.png","contentUrl":"https:\/\/directcoffee.net\/wp-content\/uploads\/2017\/08\/Direct-Coffee-brown-logo-no-background.png","width":892,"height":904,"caption":"Direct Coffee"},"image":{"@id":"https:\/\/directcoffee.net\/en\/#\/schema\/logo\/image\/"},"sameAs":["https:\/\/fb.com\/directcoffee.net","https:\/\/x.com\/DirectCoffeeCH","https:\/\/www.instagram.com\/direct_coffee\/","https:\/\/www.youtube.com\/channel\/UCOiDLRMnkMQKFHvQQ_Ju40w"]},{"@type":"Person","@id":"https:\/\/directcoffee.net\/en\/#\/schema\/person\/0ccda80c78eb49959887027ae73917e3","name":"Marie Tuil","image":{"@type":"ImageObject","inLanguage":"en-US","@id":"https:\/\/directcoffee.net\/wp-content\/uploads\/2017\/09\/Marie-96x96.jpg","url":"https:\/\/directcoffee.net\/wp-content\/uploads\/2017\/09\/Marie-96x96.jpg","contentUrl":"https:\/\/directcoffee.net\/wp-content\/uploads\/2017\/09\/Marie-96x96.jpg","caption":"Marie Tuil"},"description":"Steht gern fr\u00fch auf \u2013 kann aber abends vor Sorge gar nicht erst einschlafen, wenn Kaffee oder Milch f\u00fcr den n\u00e4chsten Morgen fehlen. Ist f\u00fcr Kommunikation und Kreatives zust\u00e4ndig. Baut in ihrer Freizeit gerne M\u00f6bel aus Dingen, die eigentlich f\u00fcr etwas anderes gedacht sind. So ist zum Beispiel das Kaffeemobil entstanden.","sameAs":["http:\/\/www.directcoffee.net"],"url":"https:\/\/directcoffee.net\/en\/author\/marie\/"}]}},"_links":{"self":[{"href":"https:\/\/directcoffee.net\/en\/wp-json\/wp\/v2\/posts\/14313","targetHints":{"allow":["GET"]}}],"collection":[{"href":"https:\/\/directcoffee.net\/en\/wp-json\/wp\/v2\/posts"}],"about":[{"href":"https:\/\/directcoffee.net\/en\/wp-json\/wp\/v2\/types\/post"}],"author":[{"embeddable":true,"href":"https:\/\/directcoffee.net\/en\/wp-json\/wp\/v2\/users\/8"}],"replies":[{"embeddable":true,"href":"https:\/\/directcoffee.net\/en\/wp-json\/wp\/v2\/comments?post=14313"}],"version-history":[{"count":0,"href":"https:\/\/directcoffee.net\/en\/wp-json\/wp\/v2\/posts\/14313\/revisions"}],"wp:featuredmedia":[{"embeddable":true,"href":"https:\/\/directcoffee.net\/en\/wp-json\/wp\/v2\/media\/2575"}],"wp:attachment":[{"href":"https:\/\/directcoffee.net\/en\/wp-json\/wp\/v2\/media?parent=14313"}],"wp:term":[{"taxonomy":"category","embeddable":true,"href":"https:\/\/directcoffee.net\/en\/wp-json\/wp\/v2\/categories?post=14313"},{"taxonomy":"post_tag","embeddable":true,"href":"https:\/\/directcoffee.net\/en\/wp-json\/wp\/v2\/tags?post=14313"}],"curies":[{"name":"wp","href":"https:\/\/api.w.org\/{rel}","templated":true}]}}